{"id":553,"date":"2019-12-04T18:48:30","date_gmt":"2019-12-04T18:48:30","guid":{"rendered":"http:\/\/goulart.adv.br\/?p=553"},"modified":"2019-12-04T18:48:30","modified_gmt":"2019-12-04T18:48:30","slug":"mantida-anulacao-de-suspensao-disciplinar-sem-deferimento-de-salarios-do-periodo-de-afastamento","status":"publish","type":"post","link":"https:\/\/goulart.adv.br\/site\/mantida-anulacao-de-suspensao-disciplinar-sem-deferimento-de-salarios-do-periodo-de-afastamento\/","title":{"rendered":"Mantida anula\u00e7\u00e3o de suspens\u00e3o disciplinar sem deferimento de sal\u00e1rios do per\u00edodo de afastamento"},"content":{"rendered":"<h3><em>A a\u00e7\u00e3o rescis\u00f3ria do empregado da Caesb foi julgada improcedente.<\/em><\/h3>\n<p>A Subse\u00e7\u00e3o II Especializada em Diss\u00eddios Individuais (SDI-2) do Tribunal Superior do Trabalhorejeitou a possibilidade de rescindir decis\u00e3o em que o Tribunal Regional do Trabalho da 10\u00aa Regi\u00e3o (DF-TO) desconstituiu a suspens\u00e3o disciplinar aplicada a um empregado da Companhia de Saneamento Ambiental do Distrito Federal (Caesb) sem, no entanto, determinar o pagamento dos 15 dias de afastamento. Ap\u00f3s o esgotamento das possibilidades de recursos, o empregado ajuizou a\u00e7\u00e3o rescis\u00f3ria para anular a senten\u00e7a, mas a SDI-2 entendeu que n\u00e3o ficou caracterizada a viola\u00e7\u00e3o literal dos dispositivos apontados por ele.<\/p>\n<p>Suspens\u00e3o<\/p>\n<p>O empregado, que atuava como t\u00e9cnico em hidrologia, foi suspenso por 15 dias porque, segundo a Caesb, teria se recusado a realizar trabalho externo. Na reclama\u00e7\u00e3o trabalhista, no entanto, ele demonstrou que sofria de uma doen\u00e7a de pele rara (piodermite gangrenosa) e, por recomenda\u00e7\u00e3o m\u00e9dica, n\u00e3o podia se expor ao sol por mais de 15 minutos.<\/p>\n<p>A puni\u00e7\u00e3o foi afastada pelo ju\u00edzo da 8\u00aa Vara do Trabalho de Bras\u00edlia, que a considerou injusta e determinou a retirada das anota\u00e7\u00f5es nos assentamentos funcionais do servidor. Negou, contudo, o direito de pagamento do per\u00edodo de afastamento.<\/p>\n<p>A\u00e7\u00e3o rescis\u00f3ria<\/p>\n<p>Na a\u00e7\u00e3o que visava desconstituir a senten\u00e7a, o t\u00e9cnico fundamentou o pedido em viola\u00e7\u00e3o de dispositivos da Constitui\u00e7\u00e3o da Rep\u00fablica que tratam, entre outros princ\u00edpios, da dignidade da pessoa humana, da veda\u00e7\u00e3o a todo tipo de discrimina\u00e7\u00e3o, da irredutibilidade do sal\u00e1rio e da isonomia. O TRT, no entanto, julgou a a\u00e7\u00e3o improcedente, por verificar que n\u00e3o havia, na senten\u00e7a, manifesta\u00e7\u00e3o expl\u00edcita ou impl\u00edcita sobre os dispositivos apontados como violados.<\/p>\n<p>Ao julgar o recurso ordin\u00e1rio, o relator, ministro Agra Belmonte, explicou que a tese adotada pelo ju\u00edzo de primeiro grau se limitou \u00e0 constata\u00e7\u00e3o de que a determina\u00e7\u00e3o de execu\u00e7\u00e3o de servi\u00e7os externos ensejou as infra\u00e7\u00f5es funcionais e de que a recusa do empregado foi respaldada por justo motivo, confirmado por parecer m\u00e9dico. \u201cA fundamenta\u00e7\u00e3o sequer tangenciou aaprecia\u00e7\u00e3o da quest\u00e3o sob a \u00f3tica dos dispositivos indicados pelo autor\u201d, afirmou.<\/p>\n<p>O ministro lembrou que, de acordo com a\u00a0<a href=\"http:\/\/www3.tst.jus.br\/jurisprudencia\/Sumulas_com_indice\/Sumulas_Ind_251_300.html#SUM-298\" target=\"_blank\" rel=\"noopener\">S\u00famula 298<\/a>\u00a0do TST, o exame da ocorr\u00eancia de viola\u00e7\u00e3o literal de disposi\u00e7\u00e3o de lei pressup\u00f5e pronunciamento expl\u00edcito, na senten\u00e7a que se pretende rescindir, sobre a mat\u00e9ria veiculada.<\/p>\n<p>Por unanimidade, a SDI-2 negou provimento ao recurso.<\/p>\n<p>(GL\/CF)<\/p>\n<p>Processo:\u00a0<a href=\"http:\/\/aplicacao5.tst.jus.br\/consultaProcessual\/resumoForm.do?consulta=1&amp;numeroInt=159178&amp;anoInt=2019\" target=\"_blank\" rel=\"noopener\">RO-402-87.2017.5.10.0000<\/a><\/p>\n<p><i>Fonte: TST<\/i><\/p>\n","protected":false},"excerpt":{"rendered":"<p>A a\u00e7\u00e3o rescis\u00f3ria do empregado da Caesb foi julgada improcedente. A Subse\u00e7\u00e3o II Especializada em Diss\u00eddios Individuais (SDI-2) do Tribunal Superior do Trabalhorejeitou a possibilidade de rescindir decis\u00e3o em que o Tribunal Regional do Trabalho da 10\u00aa Regi\u00e3o (DF-TO) desconstituiu a suspens\u00e3o disciplinar aplicada a um empregado da Companhia de Saneamento Ambiental do Distrito Federal (Caesb) sem, no entanto, determinar [&#8230;]<\/p>\n","protected":false},"author":1,"featured_media":0,"comment_status":"closed","ping_status":"closed","sticky":false,"template":"","format":"standard","meta":{"_acf_changed":false,"footnotes":""},"categories":[5],"tags":[],"class_list":["post-553","post","type-post","status-publish","format-standard","hentry","category-noticias"],"acf":[],"yoast_head":"<!-- This site is optimized with the Yoast SEO plugin v27.5 - https:\/\/yoast.com\/product\/yoast-seo-wordpress\/ -->\n<title>Mantida anula\u00e7\u00e3o de suspens\u00e3o disciplinar sem deferimento de sal\u00e1rios do per\u00edodo de afastamento - Goulart &amp; Goulart Advogados Trabalhistas e Associados<\/title>\n<meta name=\"robots\" content=\"index, follow, max-snippet:-1, max-image-preview:large, max-video-preview:-1\" \/>\n<link rel=\"canonical\" href=\"https:\/\/goulart.adv.br\/site\/mantida-anulacao-de-suspensao-disciplinar-sem-deferimento-de-salarios-do-periodo-de-afastamento\/\" \/>\n<meta property=\"og:locale\" content=\"pt_BR\" \/>\n<meta property=\"og:type\" content=\"article\" \/>\n<meta property=\"og:title\" content=\"Mantida anula\u00e7\u00e3o de suspens\u00e3o disciplinar sem deferimento de sal\u00e1rios do per\u00edodo de afastamento - Goulart &amp; Goulart Advogados Trabalhistas e Associados\" \/>\n<meta property=\"og:description\" content=\"A a\u00e7\u00e3o rescis\u00f3ria do empregado da Caesb foi julgada improcedente. A Subse\u00e7\u00e3o II Especializada em Diss\u00eddios Individuais (SDI-2) do Tribunal Superior do Trabalhorejeitou a possibilidade de rescindir decis\u00e3o em que o Tribunal Regional do Trabalho da 10\u00aa Regi\u00e3o (DF-TO) desconstituiu a suspens\u00e3o disciplinar aplicada a um empregado da Companhia de Saneamento Ambiental do Distrito Federal (Caesb) sem, no entanto, determinar [...]\" \/>\n<meta property=\"og:url\" content=\"https:\/\/goulart.adv.br\/site\/mantida-anulacao-de-suspensao-disciplinar-sem-deferimento-de-salarios-do-periodo-de-afastamento\/\" \/>\n<meta property=\"og:site_name\" content=\"Goulart &amp; Goulart Advogados Trabalhistas e Associados\" \/>\n<meta property=\"article:publisher\" content=\"https:\/\/www.facebook.com\/pages\/GoulartGoulart-Advogados-Associados\/1600523293534022\" \/>\n<meta property=\"article:published_time\" content=\"2019-12-04T18:48:30+00:00\" \/>\n<meta property=\"og:image\" content=\"https:\/\/goulart.adv.br\/site\/wp-content\/uploads\/2015\/05\/safe_image.jpg\" \/>\n\t<meta property=\"og:image:width\" content=\"211\" \/>\n\t<meta property=\"og:image:height\" content=\"82\" \/>\n\t<meta property=\"og:image:type\" content=\"image\/jpeg\" \/>\n<meta name=\"author\" content=\"G10GDc1w6H3\" \/>\n<meta name=\"twitter:label1\" content=\"Escrito por\" \/>\n\t<meta name=\"twitter:data1\" content=\"G10GDc1w6H3\" \/>\n\t<meta name=\"twitter:label2\" content=\"Est. tempo de leitura\" \/>\n\t<meta name=\"twitter:data2\" content=\"2 minutos\" \/>\n<script type=\"application\/ld+json\" class=\"yoast-schema-graph\">{\"@context\":\"https:\\\/\\\/schema.org\",\"@graph\":[{\"@type\":\"Article\",\"@id\":\"https:\\\/\\\/goulart.adv.br\\\/site\\\/mantida-anulacao-de-suspensao-disciplinar-sem-deferimento-de-salarios-do-periodo-de-afastamento\\\/#article\",\"isPartOf\":{\"@id\":\"https:\\\/\\\/goulart.adv.br\\\/site\\\/mantida-anulacao-de-suspensao-disciplinar-sem-deferimento-de-salarios-do-periodo-de-afastamento\\\/\"},\"author\":{\"name\":\"G10GDc1w6H3\",\"@id\":\"https:\\\/\\\/goulart.adv.br\\\/site\\\/#\\\/schema\\\/person\\\/6ae08c07ae4e9392cfdb75ff06d37e72\"},\"headline\":\"Mantida anula\u00e7\u00e3o de suspens\u00e3o disciplinar sem deferimento de sal\u00e1rios do per\u00edodo de afastamento\",\"datePublished\":\"2019-12-04T18:48:30+00:00\",\"mainEntityOfPage\":{\"@id\":\"https:\\\/\\\/goulart.adv.br\\\/site\\\/mantida-anulacao-de-suspensao-disciplinar-sem-deferimento-de-salarios-do-periodo-de-afastamento\\\/\"},\"wordCount\":457,\"articleSection\":[\"Not\u00edcias\"],\"inLanguage\":\"pt-BR\"},{\"@type\":\"WebPage\",\"@id\":\"https:\\\/\\\/goulart.adv.br\\\/site\\\/mantida-anulacao-de-suspensao-disciplinar-sem-deferimento-de-salarios-do-periodo-de-afastamento\\\/\",\"url\":\"https:\\\/\\\/goulart.adv.br\\\/site\\\/mantida-anulacao-de-suspensao-disciplinar-sem-deferimento-de-salarios-do-periodo-de-afastamento\\\/\",\"name\":\"Mantida anula\u00e7\u00e3o de suspens\u00e3o disciplinar sem deferimento de sal\u00e1rios do per\u00edodo de afastamento - Goulart &amp; Goulart Advogados Trabalhistas e Associados\",\"isPartOf\":{\"@id\":\"https:\\\/\\\/goulart.adv.br\\\/site\\\/#website\"},\"datePublished\":\"2019-12-04T18:48:30+00:00\",\"author\":{\"@id\":\"https:\\\/\\\/goulart.adv.br\\\/site\\\/#\\\/schema\\\/person\\\/6ae08c07ae4e9392cfdb75ff06d37e72\"},\"breadcrumb\":{\"@id\":\"https:\\\/\\\/goulart.adv.br\\\/site\\\/mantida-anulacao-de-suspensao-disciplinar-sem-deferimento-de-salarios-do-periodo-de-afastamento\\\/#breadcrumb\"},\"inLanguage\":\"pt-BR\",\"potentialAction\":[{\"@type\":\"ReadAction\",\"target\":[\"https:\\\/\\\/goulart.adv.br\\\/site\\\/mantida-anulacao-de-suspensao-disciplinar-sem-deferimento-de-salarios-do-periodo-de-afastamento\\\/\"]}]},{\"@type\":\"BreadcrumbList\",\"@id\":\"https:\\\/\\\/goulart.adv.br\\\/site\\\/mantida-anulacao-de-suspensao-disciplinar-sem-deferimento-de-salarios-do-periodo-de-afastamento\\\/#breadcrumb\",\"itemListElement\":[{\"@type\":\"ListItem\",\"position\":1,\"name\":\"In\u00edcio\",\"item\":\"https:\\\/\\\/goulart.adv.br\\\/site\\\/\"},{\"@type\":\"ListItem\",\"position\":2,\"name\":\"Mantida anula\u00e7\u00e3o de suspens\u00e3o disciplinar sem deferimento de sal\u00e1rios do per\u00edodo de afastamento\"}]},{\"@type\":\"WebSite\",\"@id\":\"https:\\\/\\\/goulart.adv.br\\\/site\\\/#website\",\"url\":\"https:\\\/\\\/goulart.adv.br\\\/site\\\/\",\"name\":\"Goulart &amp; Goulart Advogados Trabalhistas e Associados\",\"description\":\"Goulart &amp; Goulart Advogados Trabalhistas e Associados\",\"potentialAction\":[{\"@type\":\"SearchAction\",\"target\":{\"@type\":\"EntryPoint\",\"urlTemplate\":\"https:\\\/\\\/goulart.adv.br\\\/site\\\/?s={search_term_string}\"},\"query-input\":{\"@type\":\"PropertyValueSpecification\",\"valueRequired\":true,\"valueName\":\"search_term_string\"}}],\"inLanguage\":\"pt-BR\"},{\"@type\":\"Person\",\"@id\":\"https:\\\/\\\/goulart.adv.br\\\/site\\\/#\\\/schema\\\/person\\\/6ae08c07ae4e9392cfdb75ff06d37e72\",\"name\":\"G10GDc1w6H3\",\"url\":\"https:\\\/\\\/goulart.adv.br\\\/site\\\/author\\\/g10gdc1w6h3\\\/\"}]}<\/script>\n<!-- \/ Yoast SEO plugin. -->","yoast_head_json":{"title":"Mantida anula\u00e7\u00e3o de suspens\u00e3o disciplinar sem deferimento de sal\u00e1rios do per\u00edodo de afastamento - Goulart &amp; Goulart Advogados Trabalhistas e Associados","robots":{"index":"index","follow":"follow","max-snippet":"max-snippet:-1","max-image-preview":"max-image-preview:large","max-video-preview":"max-video-preview:-1"},"canonical":"https:\/\/goulart.adv.br\/site\/mantida-anulacao-de-suspensao-disciplinar-sem-deferimento-de-salarios-do-periodo-de-afastamento\/","og_locale":"pt_BR","og_type":"article","og_title":"Mantida anula\u00e7\u00e3o de suspens\u00e3o disciplinar sem deferimento de sal\u00e1rios do per\u00edodo de afastamento - Goulart &amp; Goulart Advogados Trabalhistas e Associados","og_description":"A a\u00e7\u00e3o rescis\u00f3ria do empregado da Caesb foi julgada improcedente. A Subse\u00e7\u00e3o II Especializada em Diss\u00eddios Individuais (SDI-2) do Tribunal Superior do Trabalhorejeitou a possibilidade de rescindir decis\u00e3o em que o Tribunal Regional do Trabalho da 10\u00aa Regi\u00e3o (DF-TO) desconstituiu a suspens\u00e3o disciplinar aplicada a um empregado da Companhia de Saneamento Ambiental do Distrito Federal (Caesb) sem, no entanto, determinar [...]","og_url":"https:\/\/goulart.adv.br\/site\/mantida-anulacao-de-suspensao-disciplinar-sem-deferimento-de-salarios-do-periodo-de-afastamento\/","og_site_name":"Goulart &amp; Goulart Advogados Trabalhistas e Associados","article_publisher":"https:\/\/www.facebook.com\/pages\/GoulartGoulart-Advogados-Associados\/1600523293534022","article_published_time":"2019-12-04T18:48:30+00:00","og_image":[{"width":211,"height":82,"url":"https:\/\/goulart.adv.br\/site\/wp-content\/uploads\/2015\/05\/safe_image.jpg","type":"image\/jpeg"}],"author":"G10GDc1w6H3","twitter_misc":{"Escrito por":"G10GDc1w6H3","Est. tempo de leitura":"2 minutos"},"schema":{"@context":"https:\/\/schema.org","@graph":[{"@type":"Article","@id":"https:\/\/goulart.adv.br\/site\/mantida-anulacao-de-suspensao-disciplinar-sem-deferimento-de-salarios-do-periodo-de-afastamento\/#article","isPartOf":{"@id":"https:\/\/goulart.adv.br\/site\/mantida-anulacao-de-suspensao-disciplinar-sem-deferimento-de-salarios-do-periodo-de-afastamento\/"},"author":{"name":"G10GDc1w6H3","@id":"https:\/\/goulart.adv.br\/site\/#\/schema\/person\/6ae08c07ae4e9392cfdb75ff06d37e72"},"headline":"Mantida anula\u00e7\u00e3o de suspens\u00e3o disciplinar sem deferimento de sal\u00e1rios do per\u00edodo de afastamento","datePublished":"2019-12-04T18:48:30+00:00","mainEntityOfPage":{"@id":"https:\/\/goulart.adv.br\/site\/mantida-anulacao-de-suspensao-disciplinar-sem-deferimento-de-salarios-do-periodo-de-afastamento\/"},"wordCount":457,"articleSection":["Not\u00edcias"],"inLanguage":"pt-BR"},{"@type":"WebPage","@id":"https:\/\/goulart.adv.br\/site\/mantida-anulacao-de-suspensao-disciplinar-sem-deferimento-de-salarios-do-periodo-de-afastamento\/","url":"https:\/\/goulart.adv.br\/site\/mantida-anulacao-de-suspensao-disciplinar-sem-deferimento-de-salarios-do-periodo-de-afastamento\/","name":"Mantida anula\u00e7\u00e3o de suspens\u00e3o disciplinar sem deferimento de sal\u00e1rios do per\u00edodo de afastamento - Goulart &amp; Goulart Advogados Trabalhistas e Associados","isPartOf":{"@id":"https:\/\/goulart.adv.br\/site\/#website"},"datePublished":"2019-12-04T18:48:30+00:00","author":{"@id":"https:\/\/goulart.adv.br\/site\/#\/schema\/person\/6ae08c07ae4e9392cfdb75ff06d37e72"},"breadcrumb":{"@id":"https:\/\/goulart.adv.br\/site\/mantida-anulacao-de-suspensao-disciplinar-sem-deferimento-de-salarios-do-periodo-de-afastamento\/#breadcrumb"},"inLanguage":"pt-BR","potentialAction":[{"@type":"ReadAction","target":["https:\/\/goulart.adv.br\/site\/mantida-anulacao-de-suspensao-disciplinar-sem-deferimento-de-salarios-do-periodo-de-afastamento\/"]}]},{"@type":"BreadcrumbList","@id":"https:\/\/goulart.adv.br\/site\/mantida-anulacao-de-suspensao-disciplinar-sem-deferimento-de-salarios-do-periodo-de-afastamento\/#breadcrumb","itemListElement":[{"@type":"ListItem","position":1,"name":"In\u00edcio","item":"https:\/\/goulart.adv.br\/site\/"},{"@type":"ListItem","position":2,"name":"Mantida anula\u00e7\u00e3o de suspens\u00e3o disciplinar sem deferimento de sal\u00e1rios do per\u00edodo de afastamento"}]},{"@type":"WebSite","@id":"https:\/\/goulart.adv.br\/site\/#website","url":"https:\/\/goulart.adv.br\/site\/","name":"Goulart &amp; Goulart Advogados Trabalhistas e Associados","description":"Goulart &amp; Goulart Advogados Trabalhistas e Associados","potentialAction":[{"@type":"SearchAction","target":{"@type":"EntryPoint","urlTemplate":"https:\/\/goulart.adv.br\/site\/?s={search_term_string}"},"query-input":{"@type":"PropertyValueSpecification","valueRequired":true,"valueName":"search_term_string"}}],"inLanguage":"pt-BR"},{"@type":"Person","@id":"https:\/\/goulart.adv.br\/site\/#\/schema\/person\/6ae08c07ae4e9392cfdb75ff06d37e72","name":"G10GDc1w6H3","url":"https:\/\/goulart.adv.br\/site\/author\/g10gdc1w6h3\/"}]}},"_links":{"self":[{"href":"https:\/\/goulart.adv.br\/site\/wp-json\/wp\/v2\/posts\/553","targetHints":{"allow":["GET"]}}],"collection":[{"href":"https:\/\/goulart.adv.br\/site\/wp-json\/wp\/v2\/posts"}],"about":[{"href":"https:\/\/goulart.adv.br\/site\/wp-json\/wp\/v2\/types\/post"}],"author":[{"embeddable":true,"href":"https:\/\/goulart.adv.br\/site\/wp-json\/wp\/v2\/users\/1"}],"replies":[{"embeddable":true,"href":"https:\/\/goulart.adv.br\/site\/wp-json\/wp\/v2\/comments?post=553"}],"version-history":[{"count":1,"href":"https:\/\/goulart.adv.br\/site\/wp-json\/wp\/v2\/posts\/553\/revisions"}],"predecessor-version":[{"id":554,"href":"https:\/\/goulart.adv.br\/site\/wp-json\/wp\/v2\/posts\/553\/revisions\/554"}],"wp:attachment":[{"href":"https:\/\/goulart.adv.br\/site\/wp-json\/wp\/v2\/media?parent=553"}],"wp:term":[{"taxonomy":"category","embeddable":true,"href":"https:\/\/goulart.adv.br\/site\/wp-json\/wp\/v2\/categories?post=553"},{"taxonomy":"post_tag","embeddable":true,"href":"https:\/\/goulart.adv.br\/site\/wp-json\/wp\/v2\/tags?post=553"}],"curies":[{"name":"wp","href":"https:\/\/api.w.org\/{rel}","templated":true}]}}