{"id":551,"date":"2019-12-04T18:45:41","date_gmt":"2019-12-04T18:45:41","guid":{"rendered":"http:\/\/goulart.adv.br\/?p=551"},"modified":"2019-12-04T18:45:41","modified_gmt":"2019-12-04T18:45:41","slug":"juiza-determina-reversao-de-justa-causa-de-trabalhador-que-so-faltou-quatro-vezes-em-17-anos-de-servico","status":"publish","type":"post","link":"https:\/\/goulart.adv.br\/site\/juiza-determina-reversao-de-justa-causa-de-trabalhador-que-so-faltou-quatro-vezes-em-17-anos-de-servico\/","title":{"rendered":"Ju\u00edza determina revers\u00e3o de justa causa de trabalhador que s\u00f3 faltou quatro vezes em 17 anos de servi\u00e7o"},"content":{"rendered":"<div id=\"content-core\">\n<div id=\"parent-fieldname-text\">\n<p>A ju\u00edza do trabalho V\u00e2nia Maria Arruda, titular da 2\u00aa Vara do Trabalho de Barbacena, determinou a revers\u00e3o da justa causa aplicada a ex-empregado de uma empresa de \u00f4nibus, que foi dispensado por ter faltado ao trabalho apenas quatro vezes em 17 anos de servi\u00e7o. Para a magistrada, as pequenas faltas isoladas do profissional n\u00e3o podem ser configuradas, por si s\u00f3, como des\u00eddia.<\/p>\n<p>Nos autos do processo, ficou comprovado que o trabalhador, que exercia a fun\u00e7\u00e3o de bilheteiro no guich\u00ea da empresa, foi dispensado por justa causa, nos termos do artigo 482 da CLT, em raz\u00e3o da aus\u00eancia injustificada ao trabalho nos dias 5 e 12 de julho de 2015 e, ainda, 2 de janeiro e 3 de mar\u00e7o de 2019. Em sua defesa, a empregadora alegou que\u00a0\u201catuou no exerc\u00edcio regular de seu direito e em raz\u00e3o da conduta negligente do obreiro\u201d.<\/p>\n<p>Mas, na vis\u00e3o da ju\u00edza, a justa causa, seja dada pelo empregado ou pelo empregador, deve ser revestida de gravidade que torne invi\u00e1vel o prosseguimento da rela\u00e7\u00e3o de trabalho. Segundo a magistrada, a conduta do bilheteiro n\u00e3o pode ser reconhecida como desleixo com as obriga\u00e7\u00f5es contratuais a ponto de justificar a penalidade aplicada no caso. Conforme observou a ju\u00edza, duas faltas injustificadas ocorreram no ano de 2015.\u00a0\u201cE isso mostra a aus\u00eancia total de imediaticidade da aplica\u00e7\u00e3o da justa causa\u201d, pontuou.<\/p>\n<p>Nesse contexto, a ju\u00edza declarou nula a justa causa aplicada e, em consequ\u00eancia, determinou a rescis\u00e3o do contrato de trabalho por iniciativa do empregador, com pagamento das parcelas devidas. H\u00e1, nesse caso, recurso pendente de decis\u00e3o no TRT-MG.<\/p>\n<\/div>\n<\/div>\n<div id=\"viewlet-below-content-body\">\n<div><\/div>\n<div><\/div>\n<div id=\"trt3-noticias-case-references\"><label for=\"trt3-noticias-case-references-cases\">Processo<\/label><\/p>\n<div id=\"trt3-noticias-case-references-cases\">\n<ul>\n<li>\u00a0PJe: 0010211-20.2019.5.03.0132 \u2014 Data de Assinatura: 16\/07\/2019<\/li>\n<\/ul>\n<p id=\"has_pje_reference_page\">Para acessar processos do PJe digite o n\u00famero\u00a0<a href=\"https:\/\/pje.trt3.jus.br\/consultaprocessual\/pages\/consultas\/ConsultaProcessual.seam\" target=\"_blank\" rel=\"noopener\">aqui\u00a0<\/a>.<\/p>\n<\/div>\n<\/div>\n<\/div>\n<p><i>Fonte: TRT3<\/i><\/p>\n","protected":false},"excerpt":{"rendered":"<p>A ju\u00edza do trabalho V\u00e2nia Maria Arruda, titular da 2\u00aa Vara do Trabalho de Barbacena, determinou a revers\u00e3o da justa causa aplicada a ex-empregado de uma empresa de \u00f4nibus, que foi dispensado por ter faltado ao trabalho apenas quatro vezes em 17 anos de servi\u00e7o. Para a magistrada, as pequenas faltas isoladas do profissional n\u00e3o podem ser configuradas, por si [&#8230;]<\/p>\n","protected":false},"author":1,"featured_media":0,"comment_status":"closed","ping_status":"closed","sticky":false,"template":"","format":"standard","meta":{"_acf_changed":false,"footnotes":""},"categories":[5],"tags":[],"class_list":["post-551","post","type-post","status-publish","format-standard","hentry","category-noticias"],"acf":[],"yoast_head":"<!-- This site is optimized with the Yoast SEO plugin v27.5 - https:\/\/yoast.com\/product\/yoast-seo-wordpress\/ -->\n<title>Ju\u00edza determina revers\u00e3o de justa causa de trabalhador que s\u00f3 faltou quatro vezes em 17 anos de servi\u00e7o - Goulart &amp; Goulart Advogados Trabalhistas e Associados<\/title>\n<meta name=\"robots\" content=\"index, follow, max-snippet:-1, max-image-preview:large, max-video-preview:-1\" \/>\n<link rel=\"canonical\" href=\"https:\/\/goulart.adv.br\/site\/juiza-determina-reversao-de-justa-causa-de-trabalhador-que-so-faltou-quatro-vezes-em-17-anos-de-servico\/\" \/>\n<meta property=\"og:locale\" content=\"pt_BR\" \/>\n<meta property=\"og:type\" content=\"article\" \/>\n<meta property=\"og:title\" content=\"Ju\u00edza determina revers\u00e3o de justa causa de trabalhador que s\u00f3 faltou quatro vezes em 17 anos de servi\u00e7o - Goulart &amp; Goulart Advogados Trabalhistas e Associados\" \/>\n<meta property=\"og:description\" content=\"A ju\u00edza do trabalho V\u00e2nia Maria Arruda, titular da 2\u00aa Vara do Trabalho de Barbacena, determinou a revers\u00e3o da justa causa aplicada a ex-empregado de uma empresa de \u00f4nibus, que foi dispensado por ter faltado ao trabalho apenas quatro vezes em 17 anos de servi\u00e7o. Para a magistrada, as pequenas faltas isoladas do profissional n\u00e3o podem ser configuradas, por si [...]\" \/>\n<meta property=\"og:url\" content=\"https:\/\/goulart.adv.br\/site\/juiza-determina-reversao-de-justa-causa-de-trabalhador-que-so-faltou-quatro-vezes-em-17-anos-de-servico\/\" \/>\n<meta property=\"og:site_name\" content=\"Goulart &amp; Goulart Advogados Trabalhistas e Associados\" \/>\n<meta property=\"article:publisher\" content=\"https:\/\/www.facebook.com\/pages\/GoulartGoulart-Advogados-Associados\/1600523293534022\" \/>\n<meta property=\"article:published_time\" content=\"2019-12-04T18:45:41+00:00\" \/>\n<meta property=\"og:image\" content=\"https:\/\/goulart.adv.br\/site\/wp-content\/uploads\/2015\/05\/safe_image.jpg\" \/>\n\t<meta property=\"og:image:width\" content=\"211\" \/>\n\t<meta property=\"og:image:height\" content=\"82\" \/>\n\t<meta property=\"og:image:type\" content=\"image\/jpeg\" \/>\n<meta name=\"author\" content=\"G10GDc1w6H3\" \/>\n<meta name=\"twitter:label1\" content=\"Escrito por\" \/>\n\t<meta name=\"twitter:data1\" content=\"G10GDc1w6H3\" \/>\n\t<meta name=\"twitter:label2\" content=\"Est. tempo de leitura\" \/>\n\t<meta name=\"twitter:data2\" content=\"1 minuto\" \/>\n<script type=\"application\/ld+json\" class=\"yoast-schema-graph\">{\"@context\":\"https:\\\/\\\/schema.org\",\"@graph\":[{\"@type\":\"Article\",\"@id\":\"https:\\\/\\\/goulart.adv.br\\\/site\\\/juiza-determina-reversao-de-justa-causa-de-trabalhador-que-so-faltou-quatro-vezes-em-17-anos-de-servico\\\/#article\",\"isPartOf\":{\"@id\":\"https:\\\/\\\/goulart.adv.br\\\/site\\\/juiza-determina-reversao-de-justa-causa-de-trabalhador-que-so-faltou-quatro-vezes-em-17-anos-de-servico\\\/\"},\"author\":{\"name\":\"G10GDc1w6H3\",\"@id\":\"https:\\\/\\\/goulart.adv.br\\\/site\\\/#\\\/schema\\\/person\\\/6ae08c07ae4e9392cfdb75ff06d37e72\"},\"headline\":\"Ju\u00edza determina revers\u00e3o de justa causa de trabalhador que s\u00f3 faltou quatro vezes em 17 anos de servi\u00e7o\",\"datePublished\":\"2019-12-04T18:45:41+00:00\",\"mainEntityOfPage\":{\"@id\":\"https:\\\/\\\/goulart.adv.br\\\/site\\\/juiza-determina-reversao-de-justa-causa-de-trabalhador-que-so-faltou-quatro-vezes-em-17-anos-de-servico\\\/\"},\"wordCount\":315,\"articleSection\":[\"Not\u00edcias\"],\"inLanguage\":\"pt-BR\"},{\"@type\":\"WebPage\",\"@id\":\"https:\\\/\\\/goulart.adv.br\\\/site\\\/juiza-determina-reversao-de-justa-causa-de-trabalhador-que-so-faltou-quatro-vezes-em-17-anos-de-servico\\\/\",\"url\":\"https:\\\/\\\/goulart.adv.br\\\/site\\\/juiza-determina-reversao-de-justa-causa-de-trabalhador-que-so-faltou-quatro-vezes-em-17-anos-de-servico\\\/\",\"name\":\"Ju\u00edza determina revers\u00e3o de justa causa de trabalhador que s\u00f3 faltou quatro vezes em 17 anos de servi\u00e7o - Goulart &amp; Goulart Advogados Trabalhistas e Associados\",\"isPartOf\":{\"@id\":\"https:\\\/\\\/goulart.adv.br\\\/site\\\/#website\"},\"datePublished\":\"2019-12-04T18:45:41+00:00\",\"author\":{\"@id\":\"https:\\\/\\\/goulart.adv.br\\\/site\\\/#\\\/schema\\\/person\\\/6ae08c07ae4e9392cfdb75ff06d37e72\"},\"breadcrumb\":{\"@id\":\"https:\\\/\\\/goulart.adv.br\\\/site\\\/juiza-determina-reversao-de-justa-causa-de-trabalhador-que-so-faltou-quatro-vezes-em-17-anos-de-servico\\\/#breadcrumb\"},\"inLanguage\":\"pt-BR\",\"potentialAction\":[{\"@type\":\"ReadAction\",\"target\":[\"https:\\\/\\\/goulart.adv.br\\\/site\\\/juiza-determina-reversao-de-justa-causa-de-trabalhador-que-so-faltou-quatro-vezes-em-17-anos-de-servico\\\/\"]}]},{\"@type\":\"BreadcrumbList\",\"@id\":\"https:\\\/\\\/goulart.adv.br\\\/site\\\/juiza-determina-reversao-de-justa-causa-de-trabalhador-que-so-faltou-quatro-vezes-em-17-anos-de-servico\\\/#breadcrumb\",\"itemListElement\":[{\"@type\":\"ListItem\",\"position\":1,\"name\":\"In\u00edcio\",\"item\":\"https:\\\/\\\/goulart.adv.br\\\/site\\\/\"},{\"@type\":\"ListItem\",\"position\":2,\"name\":\"Ju\u00edza determina revers\u00e3o de justa causa de trabalhador que s\u00f3 faltou quatro vezes em 17 anos de servi\u00e7o\"}]},{\"@type\":\"WebSite\",\"@id\":\"https:\\\/\\\/goulart.adv.br\\\/site\\\/#website\",\"url\":\"https:\\\/\\\/goulart.adv.br\\\/site\\\/\",\"name\":\"Goulart &amp; Goulart Advogados Trabalhistas e Associados\",\"description\":\"Goulart &amp; Goulart Advogados Trabalhistas e Associados\",\"potentialAction\":[{\"@type\":\"SearchAction\",\"target\":{\"@type\":\"EntryPoint\",\"urlTemplate\":\"https:\\\/\\\/goulart.adv.br\\\/site\\\/?s={search_term_string}\"},\"query-input\":{\"@type\":\"PropertyValueSpecification\",\"valueRequired\":true,\"valueName\":\"search_term_string\"}}],\"inLanguage\":\"pt-BR\"},{\"@type\":\"Person\",\"@id\":\"https:\\\/\\\/goulart.adv.br\\\/site\\\/#\\\/schema\\\/person\\\/6ae08c07ae4e9392cfdb75ff06d37e72\",\"name\":\"G10GDc1w6H3\",\"url\":\"https:\\\/\\\/goulart.adv.br\\\/site\\\/author\\\/g10gdc1w6h3\\\/\"}]}<\/script>\n<!-- \/ Yoast SEO plugin. -->","yoast_head_json":{"title":"Ju\u00edza determina revers\u00e3o de justa causa de trabalhador que s\u00f3 faltou quatro vezes em 17 anos de servi\u00e7o - Goulart &amp; Goulart Advogados Trabalhistas e Associados","robots":{"index":"index","follow":"follow","max-snippet":"max-snippet:-1","max-image-preview":"max-image-preview:large","max-video-preview":"max-video-preview:-1"},"canonical":"https:\/\/goulart.adv.br\/site\/juiza-determina-reversao-de-justa-causa-de-trabalhador-que-so-faltou-quatro-vezes-em-17-anos-de-servico\/","og_locale":"pt_BR","og_type":"article","og_title":"Ju\u00edza determina revers\u00e3o de justa causa de trabalhador que s\u00f3 faltou quatro vezes em 17 anos de servi\u00e7o - Goulart &amp; Goulart Advogados Trabalhistas e Associados","og_description":"A ju\u00edza do trabalho V\u00e2nia Maria Arruda, titular da 2\u00aa Vara do Trabalho de Barbacena, determinou a revers\u00e3o da justa causa aplicada a ex-empregado de uma empresa de \u00f4nibus, que foi dispensado por ter faltado ao trabalho apenas quatro vezes em 17 anos de servi\u00e7o. Para a magistrada, as pequenas faltas isoladas do profissional n\u00e3o podem ser configuradas, por si [...]","og_url":"https:\/\/goulart.adv.br\/site\/juiza-determina-reversao-de-justa-causa-de-trabalhador-que-so-faltou-quatro-vezes-em-17-anos-de-servico\/","og_site_name":"Goulart &amp; Goulart Advogados Trabalhistas e Associados","article_publisher":"https:\/\/www.facebook.com\/pages\/GoulartGoulart-Advogados-Associados\/1600523293534022","article_published_time":"2019-12-04T18:45:41+00:00","og_image":[{"width":211,"height":82,"url":"https:\/\/goulart.adv.br\/site\/wp-content\/uploads\/2015\/05\/safe_image.jpg","type":"image\/jpeg"}],"author":"G10GDc1w6H3","twitter_misc":{"Escrito por":"G10GDc1w6H3","Est. tempo de leitura":"1 minuto"},"schema":{"@context":"https:\/\/schema.org","@graph":[{"@type":"Article","@id":"https:\/\/goulart.adv.br\/site\/juiza-determina-reversao-de-justa-causa-de-trabalhador-que-so-faltou-quatro-vezes-em-17-anos-de-servico\/#article","isPartOf":{"@id":"https:\/\/goulart.adv.br\/site\/juiza-determina-reversao-de-justa-causa-de-trabalhador-que-so-faltou-quatro-vezes-em-17-anos-de-servico\/"},"author":{"name":"G10GDc1w6H3","@id":"https:\/\/goulart.adv.br\/site\/#\/schema\/person\/6ae08c07ae4e9392cfdb75ff06d37e72"},"headline":"Ju\u00edza determina revers\u00e3o de justa causa de trabalhador que s\u00f3 faltou quatro vezes em 17 anos de servi\u00e7o","datePublished":"2019-12-04T18:45:41+00:00","mainEntityOfPage":{"@id":"https:\/\/goulart.adv.br\/site\/juiza-determina-reversao-de-justa-causa-de-trabalhador-que-so-faltou-quatro-vezes-em-17-anos-de-servico\/"},"wordCount":315,"articleSection":["Not\u00edcias"],"inLanguage":"pt-BR"},{"@type":"WebPage","@id":"https:\/\/goulart.adv.br\/site\/juiza-determina-reversao-de-justa-causa-de-trabalhador-que-so-faltou-quatro-vezes-em-17-anos-de-servico\/","url":"https:\/\/goulart.adv.br\/site\/juiza-determina-reversao-de-justa-causa-de-trabalhador-que-so-faltou-quatro-vezes-em-17-anos-de-servico\/","name":"Ju\u00edza determina revers\u00e3o de justa causa de trabalhador que s\u00f3 faltou quatro vezes em 17 anos de servi\u00e7o - Goulart &amp; Goulart Advogados Trabalhistas e Associados","isPartOf":{"@id":"https:\/\/goulart.adv.br\/site\/#website"},"datePublished":"2019-12-04T18:45:41+00:00","author":{"@id":"https:\/\/goulart.adv.br\/site\/#\/schema\/person\/6ae08c07ae4e9392cfdb75ff06d37e72"},"breadcrumb":{"@id":"https:\/\/goulart.adv.br\/site\/juiza-determina-reversao-de-justa-causa-de-trabalhador-que-so-faltou-quatro-vezes-em-17-anos-de-servico\/#breadcrumb"},"inLanguage":"pt-BR","potentialAction":[{"@type":"ReadAction","target":["https:\/\/goulart.adv.br\/site\/juiza-determina-reversao-de-justa-causa-de-trabalhador-que-so-faltou-quatro-vezes-em-17-anos-de-servico\/"]}]},{"@type":"BreadcrumbList","@id":"https:\/\/goulart.adv.br\/site\/juiza-determina-reversao-de-justa-causa-de-trabalhador-que-so-faltou-quatro-vezes-em-17-anos-de-servico\/#breadcrumb","itemListElement":[{"@type":"ListItem","position":1,"name":"In\u00edcio","item":"https:\/\/goulart.adv.br\/site\/"},{"@type":"ListItem","position":2,"name":"Ju\u00edza determina revers\u00e3o de justa causa de trabalhador que s\u00f3 faltou quatro vezes em 17 anos de servi\u00e7o"}]},{"@type":"WebSite","@id":"https:\/\/goulart.adv.br\/site\/#website","url":"https:\/\/goulart.adv.br\/site\/","name":"Goulart &amp; Goulart Advogados Trabalhistas e Associados","description":"Goulart &amp; Goulart Advogados Trabalhistas e Associados","potentialAction":[{"@type":"SearchAction","target":{"@type":"EntryPoint","urlTemplate":"https:\/\/goulart.adv.br\/site\/?s={search_term_string}"},"query-input":{"@type":"PropertyValueSpecification","valueRequired":true,"valueName":"search_term_string"}}],"inLanguage":"pt-BR"},{"@type":"Person","@id":"https:\/\/goulart.adv.br\/site\/#\/schema\/person\/6ae08c07ae4e9392cfdb75ff06d37e72","name":"G10GDc1w6H3","url":"https:\/\/goulart.adv.br\/site\/author\/g10gdc1w6h3\/"}]}},"_links":{"self":[{"href":"https:\/\/goulart.adv.br\/site\/wp-json\/wp\/v2\/posts\/551","targetHints":{"allow":["GET"]}}],"collection":[{"href":"https:\/\/goulart.adv.br\/site\/wp-json\/wp\/v2\/posts"}],"about":[{"href":"https:\/\/goulart.adv.br\/site\/wp-json\/wp\/v2\/types\/post"}],"author":[{"embeddable":true,"href":"https:\/\/goulart.adv.br\/site\/wp-json\/wp\/v2\/users\/1"}],"replies":[{"embeddable":true,"href":"https:\/\/goulart.adv.br\/site\/wp-json\/wp\/v2\/comments?post=551"}],"version-history":[{"count":1,"href":"https:\/\/goulart.adv.br\/site\/wp-json\/wp\/v2\/posts\/551\/revisions"}],"predecessor-version":[{"id":552,"href":"https:\/\/goulart.adv.br\/site\/wp-json\/wp\/v2\/posts\/551\/revisions\/552"}],"wp:attachment":[{"href":"https:\/\/goulart.adv.br\/site\/wp-json\/wp\/v2\/media?parent=551"}],"wp:term":[{"taxonomy":"category","embeddable":true,"href":"https:\/\/goulart.adv.br\/site\/wp-json\/wp\/v2\/categories?post=551"},{"taxonomy":"post_tag","embeddable":true,"href":"https:\/\/goulart.adv.br\/site\/wp-json\/wp\/v2\/tags?post=551"}],"curies":[{"name":"wp","href":"https:\/\/api.w.org\/{rel}","templated":true}]}}