{"id":473,"date":"2019-07-15T13:11:40","date_gmt":"2019-07-15T13:11:40","guid":{"rendered":"http:\/\/goulart.adv.br\/?p=473"},"modified":"2019-07-15T13:11:40","modified_gmt":"2019-07-15T13:11:40","slug":"atraso-no-recolhimento-de-fgts-e-encargos-previdenciarios-nao-gera-dano-moral","status":"publish","type":"post","link":"https:\/\/goulart.adv.br\/site\/atraso-no-recolhimento-de-fgts-e-encargos-previdenciarios-nao-gera-dano-moral\/","title":{"rendered":"Atraso no recolhimento de FGTS e encargos previdenci\u00e1rios n\u00e3o gera dano moral"},"content":{"rendered":"<p>Atraso no recolhimento do FGTS e de encargos previdenci\u00e1rios pelo empregador n\u00e3o gera dano moral. Decis\u00e3o \u00e9 da 1\u00aa turma do TST, que deu provimento a recurso de empresa e excluir condena\u00e7\u00e3o dada em 2\u00ba grau.<\/p>\n<p><img decoding=\"async\" src=\"https:\/\/www.globalframe.com.br\/gf_base\/empresas\/MIGA\/imagens\/CF602EC005D25A5BE745974D7A12AB95C788_ctpsvelha.png\" alt=\"t\" \/><\/p>\n<p>No caso, o trabalhador alegou ter sofrido constrangimento diante da aus\u00eancia de cumprimento das obriga\u00e7\u00f5es do contrato de trabalho. Em 1\u00ba grau, o pedido de indeniza\u00e7\u00e3o foi negado, mas o TRT de origem entendeu que a conduta do empregador afetou foro \u00edntimo do autor, causando-lhe preju\u00edzos. Assim, fixou os danos morais em R$ 3 mil. Contra a decis\u00e3o, as empresas interpuseram recurso de revista.<\/p>\n<p>O relator no TST, ministro Luiz Jos\u00e9 Dezena da Silva ponderou que a quest\u00e3o relativa ao atraso no recolhimento das verbas est\u00e1 pacificada no \u00e2mbito da Corte Superior,<em>&#8220;a qual entende que a simples constata\u00e7\u00e3o de verbas inadimplidas n\u00e3o \u00e9 suficiente para ensejar a condena\u00e7\u00e3o ao pagamento da indeniza\u00e7\u00e3o vindicada, sendo imperiosa a demonstra\u00e7\u00e3o de preju\u00edzo de ordem moral&#8221;<\/em>.<\/p>\n<p>Conforme o relator, excetua-se do posicionamento apenas o atraso reiterado de sal\u00e1rios e, uma vez que n\u00e3o est\u00e1 evidenciado nos autos o abalo moral, a condena\u00e7\u00e3o imposta \u00e0s reclamadas afronta o artigo 5\u00ba da\u00a0<a href=\"http:\/\/www.planalto.gov.br\/ccivil_03\/constituicao\/constituicaocompilado.htm\" target=\"_blank\" rel=\"noopener\">CF\/88<\/a>.<\/p>\n<p>A 1\u00aa turma seguiu o voto do relator \u00e0 unanimidade, dando provimento ao recurso de revista para excluir a condena\u00e7\u00e3o por danos morais.<\/p>\n<ul>\n<li>Processo: RR-1776-44.2014.5.02.0202<\/li>\n<\/ul>\n<p>Confira a\u00a0<a href=\"https:\/\/www.migalhas.com.br\/arquivos\/2019\/7\/art20190710-06.pdf\" target=\"_blank\" rel=\"noopener\">\u00edntegra da decis\u00e3o<\/a>.<\/p>\n<p><strong>Conduta n\u00e3o danosa<\/strong><\/p>\n<p>Ao comentar o caso, o advogado\u00a0<strong>Willer Tomaz<\/strong>, do escrit\u00f3rio\u00a0<strong>Willer Tomaz Advogados Associados<\/strong>, explica que o atraso no recolhimento do FGTS e da contribui\u00e7\u00e3o previdenci\u00e1ria n\u00e3o implica em puni\u00e7\u00e3o para a empresa pois essa conduta \u00e9 considerada danosa apenas em caso de reitera\u00e7\u00e3o do atraso.<\/p>\n<p>Ainda segundo Tomaz, a decis\u00e3o da turma est\u00e1 de acordo com a jurisprud\u00eancia da Corte e com os princ\u00edpios gerais do Direito.<\/p>\n<p><em>&#8220;O simples atraso no pagamento de verba salarial n\u00e3o acarreta dano moral pass\u00edvel de indeniza\u00e7\u00e3o. \u00c9 necess\u00e1rio provar-se o dano decorrente do atraso, a culpa e o nexo causal. Ressalva se faz apenas quanto aos casos de reitera\u00e7\u00e3o do atraso, situa\u00e7\u00e3o em que o dano moral \u00e9 in re ipsa, ou seja, prescinde de comprova\u00e7\u00e3o. Em tais circunst\u00e2ncias, que n\u00e3o \u00e9 o caso julgado pela Corte, o dano \u00e9 presumido.&#8221;<\/em><\/p>\n<p><strong>FONTE:\u00a0<\/strong>Migalhas<\/p>\n","protected":false},"excerpt":{"rendered":"<p>Atraso no recolhimento do FGTS e de encargos previdenci\u00e1rios pelo empregador n\u00e3o gera dano moral. Decis\u00e3o \u00e9 da 1\u00aa turma do TST, que deu provimento a recurso de empresa e excluir condena\u00e7\u00e3o dada em 2\u00ba grau. No caso, o trabalhador alegou ter sofrido constrangimento diante da aus\u00eancia de cumprimento das obriga\u00e7\u00f5es do contrato de trabalho. Em 1\u00ba grau, o pedido [&#8230;]<\/p>\n","protected":false},"author":1,"featured_media":0,"comment_status":"closed","ping_status":"closed","sticky":false,"template":"","format":"standard","meta":{"_acf_changed":false,"footnotes":""},"categories":[5],"tags":[],"class_list":["post-473","post","type-post","status-publish","format-standard","hentry","category-noticias"],"acf":[],"yoast_head":"<!-- This site is optimized with the Yoast SEO plugin v27.5 - https:\/\/yoast.com\/product\/yoast-seo-wordpress\/ -->\n<title>Atraso no recolhimento de FGTS e encargos previdenci\u00e1rios n\u00e3o gera dano moral - Goulart &amp; Goulart Advogados Trabalhistas e Associados<\/title>\n<meta name=\"robots\" content=\"index, follow, max-snippet:-1, max-image-preview:large, max-video-preview:-1\" \/>\n<link rel=\"canonical\" href=\"https:\/\/goulart.adv.br\/site\/atraso-no-recolhimento-de-fgts-e-encargos-previdenciarios-nao-gera-dano-moral\/\" \/>\n<meta property=\"og:locale\" content=\"pt_BR\" \/>\n<meta property=\"og:type\" content=\"article\" \/>\n<meta property=\"og:title\" content=\"Atraso no recolhimento de FGTS e encargos previdenci\u00e1rios n\u00e3o gera dano moral - Goulart &amp; Goulart Advogados Trabalhistas e Associados\" \/>\n<meta property=\"og:description\" content=\"Atraso no recolhimento do FGTS e de encargos previdenci\u00e1rios pelo empregador n\u00e3o gera dano moral. Decis\u00e3o \u00e9 da 1\u00aa turma do TST, que deu provimento a recurso de empresa e excluir condena\u00e7\u00e3o dada em 2\u00ba grau. No caso, o trabalhador alegou ter sofrido constrangimento diante da aus\u00eancia de cumprimento das obriga\u00e7\u00f5es do contrato de trabalho. Em 1\u00ba grau, o pedido [...]\" \/>\n<meta property=\"og:url\" content=\"https:\/\/goulart.adv.br\/site\/atraso-no-recolhimento-de-fgts-e-encargos-previdenciarios-nao-gera-dano-moral\/\" \/>\n<meta property=\"og:site_name\" content=\"Goulart &amp; Goulart Advogados Trabalhistas e Associados\" \/>\n<meta property=\"article:publisher\" content=\"https:\/\/www.facebook.com\/pages\/GoulartGoulart-Advogados-Associados\/1600523293534022\" \/>\n<meta property=\"article:published_time\" content=\"2019-07-15T13:11:40+00:00\" \/>\n<meta property=\"og:image\" content=\"https:\/\/www.globalframe.com.br\/gf_base\/empresas\/MIGA\/imagens\/CF602EC005D25A5BE745974D7A12AB95C788_ctpsvelha.png\" \/>\n<meta name=\"author\" content=\"G10GDc1w6H3\" \/>\n<meta name=\"twitter:label1\" content=\"Escrito por\" \/>\n\t<meta name=\"twitter:data1\" content=\"G10GDc1w6H3\" \/>\n\t<meta name=\"twitter:label2\" content=\"Est. tempo de leitura\" \/>\n\t<meta name=\"twitter:data2\" content=\"2 minutos\" \/>\n<script type=\"application\/ld+json\" class=\"yoast-schema-graph\">{\"@context\":\"https:\\\/\\\/schema.org\",\"@graph\":[{\"@type\":\"Article\",\"@id\":\"https:\\\/\\\/goulart.adv.br\\\/site\\\/atraso-no-recolhimento-de-fgts-e-encargos-previdenciarios-nao-gera-dano-moral\\\/#article\",\"isPartOf\":{\"@id\":\"https:\\\/\\\/goulart.adv.br\\\/site\\\/atraso-no-recolhimento-de-fgts-e-encargos-previdenciarios-nao-gera-dano-moral\\\/\"},\"author\":{\"name\":\"G10GDc1w6H3\",\"@id\":\"https:\\\/\\\/goulart.adv.br\\\/site\\\/#\\\/schema\\\/person\\\/6ae08c07ae4e9392cfdb75ff06d37e72\"},\"headline\":\"Atraso no recolhimento de FGTS e encargos previdenci\u00e1rios n\u00e3o gera dano moral\",\"datePublished\":\"2019-07-15T13:11:40+00:00\",\"mainEntityOfPage\":{\"@id\":\"https:\\\/\\\/goulart.adv.br\\\/site\\\/atraso-no-recolhimento-de-fgts-e-encargos-previdenciarios-nao-gera-dano-moral\\\/\"},\"wordCount\":408,\"image\":{\"@id\":\"https:\\\/\\\/goulart.adv.br\\\/site\\\/atraso-no-recolhimento-de-fgts-e-encargos-previdenciarios-nao-gera-dano-moral\\\/#primaryimage\"},\"thumbnailUrl\":\"https:\\\/\\\/www.globalframe.com.br\\\/gf_base\\\/empresas\\\/MIGA\\\/imagens\\\/CF602EC005D25A5BE745974D7A12AB95C788_ctpsvelha.png\",\"articleSection\":[\"Not\u00edcias\"],\"inLanguage\":\"pt-BR\"},{\"@type\":\"WebPage\",\"@id\":\"https:\\\/\\\/goulart.adv.br\\\/site\\\/atraso-no-recolhimento-de-fgts-e-encargos-previdenciarios-nao-gera-dano-moral\\\/\",\"url\":\"https:\\\/\\\/goulart.adv.br\\\/site\\\/atraso-no-recolhimento-de-fgts-e-encargos-previdenciarios-nao-gera-dano-moral\\\/\",\"name\":\"Atraso no recolhimento de FGTS e encargos previdenci\u00e1rios n\u00e3o gera dano moral - Goulart &amp; Goulart Advogados Trabalhistas e Associados\",\"isPartOf\":{\"@id\":\"https:\\\/\\\/goulart.adv.br\\\/site\\\/#website\"},\"primaryImageOfPage\":{\"@id\":\"https:\\\/\\\/goulart.adv.br\\\/site\\\/atraso-no-recolhimento-de-fgts-e-encargos-previdenciarios-nao-gera-dano-moral\\\/#primaryimage\"},\"image\":{\"@id\":\"https:\\\/\\\/goulart.adv.br\\\/site\\\/atraso-no-recolhimento-de-fgts-e-encargos-previdenciarios-nao-gera-dano-moral\\\/#primaryimage\"},\"thumbnailUrl\":\"https:\\\/\\\/www.globalframe.com.br\\\/gf_base\\\/empresas\\\/MIGA\\\/imagens\\\/CF602EC005D25A5BE745974D7A12AB95C788_ctpsvelha.png\",\"datePublished\":\"2019-07-15T13:11:40+00:00\",\"author\":{\"@id\":\"https:\\\/\\\/goulart.adv.br\\\/site\\\/#\\\/schema\\\/person\\\/6ae08c07ae4e9392cfdb75ff06d37e72\"},\"breadcrumb\":{\"@id\":\"https:\\\/\\\/goulart.adv.br\\\/site\\\/atraso-no-recolhimento-de-fgts-e-encargos-previdenciarios-nao-gera-dano-moral\\\/#breadcrumb\"},\"inLanguage\":\"pt-BR\",\"potentialAction\":[{\"@type\":\"ReadAction\",\"target\":[\"https:\\\/\\\/goulart.adv.br\\\/site\\\/atraso-no-recolhimento-de-fgts-e-encargos-previdenciarios-nao-gera-dano-moral\\\/\"]}]},{\"@type\":\"ImageObject\",\"inLanguage\":\"pt-BR\",\"@id\":\"https:\\\/\\\/goulart.adv.br\\\/site\\\/atraso-no-recolhimento-de-fgts-e-encargos-previdenciarios-nao-gera-dano-moral\\\/#primaryimage\",\"url\":\"https:\\\/\\\/www.globalframe.com.br\\\/gf_base\\\/empresas\\\/MIGA\\\/imagens\\\/CF602EC005D25A5BE745974D7A12AB95C788_ctpsvelha.png\",\"contentUrl\":\"https:\\\/\\\/www.globalframe.com.br\\\/gf_base\\\/empresas\\\/MIGA\\\/imagens\\\/CF602EC005D25A5BE745974D7A12AB95C788_ctpsvelha.png\"},{\"@type\":\"BreadcrumbList\",\"@id\":\"https:\\\/\\\/goulart.adv.br\\\/site\\\/atraso-no-recolhimento-de-fgts-e-encargos-previdenciarios-nao-gera-dano-moral\\\/#breadcrumb\",\"itemListElement\":[{\"@type\":\"ListItem\",\"position\":1,\"name\":\"In\u00edcio\",\"item\":\"https:\\\/\\\/goulart.adv.br\\\/site\\\/\"},{\"@type\":\"ListItem\",\"position\":2,\"name\":\"Atraso no recolhimento de FGTS e encargos previdenci\u00e1rios n\u00e3o gera dano moral\"}]},{\"@type\":\"WebSite\",\"@id\":\"https:\\\/\\\/goulart.adv.br\\\/site\\\/#website\",\"url\":\"https:\\\/\\\/goulart.adv.br\\\/site\\\/\",\"name\":\"Goulart &amp; Goulart Advogados Trabalhistas e Associados\",\"description\":\"Goulart &amp; Goulart Advogados Trabalhistas e Associados\",\"potentialAction\":[{\"@type\":\"SearchAction\",\"target\":{\"@type\":\"EntryPoint\",\"urlTemplate\":\"https:\\\/\\\/goulart.adv.br\\\/site\\\/?s={search_term_string}\"},\"query-input\":{\"@type\":\"PropertyValueSpecification\",\"valueRequired\":true,\"valueName\":\"search_term_string\"}}],\"inLanguage\":\"pt-BR\"},{\"@type\":\"Person\",\"@id\":\"https:\\\/\\\/goulart.adv.br\\\/site\\\/#\\\/schema\\\/person\\\/6ae08c07ae4e9392cfdb75ff06d37e72\",\"name\":\"G10GDc1w6H3\",\"url\":\"https:\\\/\\\/goulart.adv.br\\\/site\\\/author\\\/g10gdc1w6h3\\\/\"}]}<\/script>\n<!-- \/ Yoast SEO plugin. -->","yoast_head_json":{"title":"Atraso no recolhimento de FGTS e encargos previdenci\u00e1rios n\u00e3o gera dano moral - Goulart &amp; Goulart Advogados Trabalhistas e Associados","robots":{"index":"index","follow":"follow","max-snippet":"max-snippet:-1","max-image-preview":"max-image-preview:large","max-video-preview":"max-video-preview:-1"},"canonical":"https:\/\/goulart.adv.br\/site\/atraso-no-recolhimento-de-fgts-e-encargos-previdenciarios-nao-gera-dano-moral\/","og_locale":"pt_BR","og_type":"article","og_title":"Atraso no recolhimento de FGTS e encargos previdenci\u00e1rios n\u00e3o gera dano moral - Goulart &amp; Goulart Advogados Trabalhistas e Associados","og_description":"Atraso no recolhimento do FGTS e de encargos previdenci\u00e1rios pelo empregador n\u00e3o gera dano moral. Decis\u00e3o \u00e9 da 1\u00aa turma do TST, que deu provimento a recurso de empresa e excluir condena\u00e7\u00e3o dada em 2\u00ba grau. No caso, o trabalhador alegou ter sofrido constrangimento diante da aus\u00eancia de cumprimento das obriga\u00e7\u00f5es do contrato de trabalho. Em 1\u00ba grau, o pedido [...]","og_url":"https:\/\/goulart.adv.br\/site\/atraso-no-recolhimento-de-fgts-e-encargos-previdenciarios-nao-gera-dano-moral\/","og_site_name":"Goulart &amp; Goulart Advogados Trabalhistas e Associados","article_publisher":"https:\/\/www.facebook.com\/pages\/GoulartGoulart-Advogados-Associados\/1600523293534022","article_published_time":"2019-07-15T13:11:40+00:00","og_image":[{"url":"https:\/\/www.globalframe.com.br\/gf_base\/empresas\/MIGA\/imagens\/CF602EC005D25A5BE745974D7A12AB95C788_ctpsvelha.png","type":"","width":"","height":""}],"author":"G10GDc1w6H3","twitter_misc":{"Escrito por":"G10GDc1w6H3","Est. tempo de leitura":"2 minutos"},"schema":{"@context":"https:\/\/schema.org","@graph":[{"@type":"Article","@id":"https:\/\/goulart.adv.br\/site\/atraso-no-recolhimento-de-fgts-e-encargos-previdenciarios-nao-gera-dano-moral\/#article","isPartOf":{"@id":"https:\/\/goulart.adv.br\/site\/atraso-no-recolhimento-de-fgts-e-encargos-previdenciarios-nao-gera-dano-moral\/"},"author":{"name":"G10GDc1w6H3","@id":"https:\/\/goulart.adv.br\/site\/#\/schema\/person\/6ae08c07ae4e9392cfdb75ff06d37e72"},"headline":"Atraso no recolhimento de FGTS e encargos previdenci\u00e1rios n\u00e3o gera dano moral","datePublished":"2019-07-15T13:11:40+00:00","mainEntityOfPage":{"@id":"https:\/\/goulart.adv.br\/site\/atraso-no-recolhimento-de-fgts-e-encargos-previdenciarios-nao-gera-dano-moral\/"},"wordCount":408,"image":{"@id":"https:\/\/goulart.adv.br\/site\/atraso-no-recolhimento-de-fgts-e-encargos-previdenciarios-nao-gera-dano-moral\/#primaryimage"},"thumbnailUrl":"https:\/\/www.globalframe.com.br\/gf_base\/empresas\/MIGA\/imagens\/CF602EC005D25A5BE745974D7A12AB95C788_ctpsvelha.png","articleSection":["Not\u00edcias"],"inLanguage":"pt-BR"},{"@type":"WebPage","@id":"https:\/\/goulart.adv.br\/site\/atraso-no-recolhimento-de-fgts-e-encargos-previdenciarios-nao-gera-dano-moral\/","url":"https:\/\/goulart.adv.br\/site\/atraso-no-recolhimento-de-fgts-e-encargos-previdenciarios-nao-gera-dano-moral\/","name":"Atraso no recolhimento de FGTS e encargos previdenci\u00e1rios n\u00e3o gera dano moral - Goulart &amp; Goulart Advogados Trabalhistas e Associados","isPartOf":{"@id":"https:\/\/goulart.adv.br\/site\/#website"},"primaryImageOfPage":{"@id":"https:\/\/goulart.adv.br\/site\/atraso-no-recolhimento-de-fgts-e-encargos-previdenciarios-nao-gera-dano-moral\/#primaryimage"},"image":{"@id":"https:\/\/goulart.adv.br\/site\/atraso-no-recolhimento-de-fgts-e-encargos-previdenciarios-nao-gera-dano-moral\/#primaryimage"},"thumbnailUrl":"https:\/\/www.globalframe.com.br\/gf_base\/empresas\/MIGA\/imagens\/CF602EC005D25A5BE745974D7A12AB95C788_ctpsvelha.png","datePublished":"2019-07-15T13:11:40+00:00","author":{"@id":"https:\/\/goulart.adv.br\/site\/#\/schema\/person\/6ae08c07ae4e9392cfdb75ff06d37e72"},"breadcrumb":{"@id":"https:\/\/goulart.adv.br\/site\/atraso-no-recolhimento-de-fgts-e-encargos-previdenciarios-nao-gera-dano-moral\/#breadcrumb"},"inLanguage":"pt-BR","potentialAction":[{"@type":"ReadAction","target":["https:\/\/goulart.adv.br\/site\/atraso-no-recolhimento-de-fgts-e-encargos-previdenciarios-nao-gera-dano-moral\/"]}]},{"@type":"ImageObject","inLanguage":"pt-BR","@id":"https:\/\/goulart.adv.br\/site\/atraso-no-recolhimento-de-fgts-e-encargos-previdenciarios-nao-gera-dano-moral\/#primaryimage","url":"https:\/\/www.globalframe.com.br\/gf_base\/empresas\/MIGA\/imagens\/CF602EC005D25A5BE745974D7A12AB95C788_ctpsvelha.png","contentUrl":"https:\/\/www.globalframe.com.br\/gf_base\/empresas\/MIGA\/imagens\/CF602EC005D25A5BE745974D7A12AB95C788_ctpsvelha.png"},{"@type":"BreadcrumbList","@id":"https:\/\/goulart.adv.br\/site\/atraso-no-recolhimento-de-fgts-e-encargos-previdenciarios-nao-gera-dano-moral\/#breadcrumb","itemListElement":[{"@type":"ListItem","position":1,"name":"In\u00edcio","item":"https:\/\/goulart.adv.br\/site\/"},{"@type":"ListItem","position":2,"name":"Atraso no recolhimento de FGTS e encargos previdenci\u00e1rios n\u00e3o gera dano moral"}]},{"@type":"WebSite","@id":"https:\/\/goulart.adv.br\/site\/#website","url":"https:\/\/goulart.adv.br\/site\/","name":"Goulart &amp; Goulart Advogados Trabalhistas e Associados","description":"Goulart &amp; Goulart Advogados Trabalhistas e Associados","potentialAction":[{"@type":"SearchAction","target":{"@type":"EntryPoint","urlTemplate":"https:\/\/goulart.adv.br\/site\/?s={search_term_string}"},"query-input":{"@type":"PropertyValueSpecification","valueRequired":true,"valueName":"search_term_string"}}],"inLanguage":"pt-BR"},{"@type":"Person","@id":"https:\/\/goulart.adv.br\/site\/#\/schema\/person\/6ae08c07ae4e9392cfdb75ff06d37e72","name":"G10GDc1w6H3","url":"https:\/\/goulart.adv.br\/site\/author\/g10gdc1w6h3\/"}]}},"_links":{"self":[{"href":"https:\/\/goulart.adv.br\/site\/wp-json\/wp\/v2\/posts\/473","targetHints":{"allow":["GET"]}}],"collection":[{"href":"https:\/\/goulart.adv.br\/site\/wp-json\/wp\/v2\/posts"}],"about":[{"href":"https:\/\/goulart.adv.br\/site\/wp-json\/wp\/v2\/types\/post"}],"author":[{"embeddable":true,"href":"https:\/\/goulart.adv.br\/site\/wp-json\/wp\/v2\/users\/1"}],"replies":[{"embeddable":true,"href":"https:\/\/goulart.adv.br\/site\/wp-json\/wp\/v2\/comments?post=473"}],"version-history":[{"count":1,"href":"https:\/\/goulart.adv.br\/site\/wp-json\/wp\/v2\/posts\/473\/revisions"}],"predecessor-version":[{"id":474,"href":"https:\/\/goulart.adv.br\/site\/wp-json\/wp\/v2\/posts\/473\/revisions\/474"}],"wp:attachment":[{"href":"https:\/\/goulart.adv.br\/site\/wp-json\/wp\/v2\/media?parent=473"}],"wp:term":[{"taxonomy":"category","embeddable":true,"href":"https:\/\/goulart.adv.br\/site\/wp-json\/wp\/v2\/categories?post=473"},{"taxonomy":"post_tag","embeddable":true,"href":"https:\/\/goulart.adv.br\/site\/wp-json\/wp\/v2\/tags?post=473"}],"curies":[{"name":"wp","href":"https:\/\/api.w.org\/{rel}","templated":true}]}}